{"id":1020,"date":"2011-07-13T02:31:35","date_gmt":"2011-07-13T02:31:35","guid":{"rendered":"http:\/\/www.semioticafactual.com\/?p=1020"},"modified":"2011-07-13T02:35:35","modified_gmt":"2011-07-13T02:35:35","slug":"intensa-gira-de-trabajo-por-slrc-penasco-caborca-pitiquito-y-santa-ana","status":"publish","type":"post","link":"https:\/\/www.semioticafactual.com\/?p=1020","title":{"rendered":"intensa gira de trabajo por SLRC, Pe\u00f1asco, Caborca, Pitiquito y Santa Ana"},"content":{"rendered":"<div><strong><strong>semiotica<\/strong><\/strong><\/p>\n<div id=\"attachment_1021\" style=\"width: 310px\" class=\"wp-caption alignright\"><a class=\"highslide\" onclick=\"return vz.expand(this)\" href=\"https:\/\/i0.wp.com\/www.semioticafactual.com\/wp-content\/uploads\/2011\/07\/Dip-Cano-Velez.jpg\"><img loading=\"lazy\" decoding=\"async\" aria-describedby=\"caption-attachment-1021\" data-attachment-id=\"1021\" data-permalink=\"https:\/\/www.semioticafactual.com\/?attachment_id=1021\" data-orig-file=\"https:\/\/i0.wp.com\/www.semioticafactual.com\/wp-content\/uploads\/2011\/07\/Dip-Cano-Velez.jpg?fit=1024%2C685&amp;ssl=1\" data-orig-size=\"1024,685\" data-comments-opened=\"1\" data-image-meta=\"{&quot;aperture&quot;:&quot;0&quot;,&quot;credit&quot;:&quot;&quot;,&quot;camera&quot;:&quot;&quot;,&quot;caption&quot;:&quot;&quot;,&quot;created_timestamp&quot;:&quot;0&quot;,&quot;copyright&quot;:&quot;&quot;,&quot;focal_length&quot;:&quot;0&quot;,&quot;iso&quot;:&quot;0&quot;,&quot;shutter_speed&quot;:&quot;0&quot;,&quot;title&quot;:&quot;&quot;}\" data-image-title=\"Dip  Cano Velez\" data-image-description=\"\" data-image-caption=\"&lt;p&gt;\u00abRealizar\u00e1 intensa gira de trabajo por el noroeste del estado\u00bb&lt;\/p&gt;\n\" data-medium-file=\"https:\/\/i0.wp.com\/www.semioticafactual.com\/wp-content\/uploads\/2011\/07\/Dip-Cano-Velez.jpg?fit=300%2C200&amp;ssl=1\" data-large-file=\"https:\/\/i0.wp.com\/www.semioticafactual.com\/wp-content\/uploads\/2011\/07\/Dip-Cano-Velez.jpg?fit=800%2C535&amp;ssl=1\" tabindex=\"0\" role=\"button\" class=\"size-medium wp-image-1021\" title=\"Dip  Cano Velez\" src=\"https:\/\/i0.wp.com\/www.semioticafactual.com\/wp-content\/uploads\/2011\/07\/Dip-Cano-Velez-300x200.jpg?resize=300%2C200\" alt=\"\" width=\"300\" height=\"200\" srcset=\"https:\/\/i0.wp.com\/www.semioticafactual.com\/wp-content\/uploads\/2011\/07\/Dip-Cano-Velez.jpg?resize=300%2C200&amp;ssl=1 300w, https:\/\/i0.wp.com\/www.semioticafactual.com\/wp-content\/uploads\/2011\/07\/Dip-Cano-Velez.jpg?w=1024&amp;ssl=1 1024w\" sizes=\"(max-width: 300px) 100vw, 300px\" data-recalc-dims=\"1\" \/><\/a><p id=\"caption-attachment-1021\" class=\"wp-caption-text\">&quot;Realizar\u00e1 intensa gira de trabajo por el noroeste del estado&quot;<\/p><\/div>\n<p><strong>factual.com<\/strong><\/div>\n<p><strong>HERMOSILLO, SON., A 12 DE JULIO DEL 2011.-<\/strong>\u00a0Intensa gira de trabajo por los municipios de San Luis R\u00edo Colorado, Puerto Pe\u00f1asco, Caborca, Pitiquito y Santa Ana, realizar\u00e1 el Diputado Federal Jes\u00fas Alberto Cano V\u00e9lez, los d\u00edas 14, 15 y 16 de julio, donde sostendr\u00e1 encuentros con los representantes de los diversos sectores productivos y profesionistas.<\/p>\n<p>El Jueves 14 de Julio, en San Luis R\u00edo Colorado tendr\u00e1 un encuentro privado con el alcaldeManuel de Jes\u00fas Baldenebro Arredondo; se reunir\u00e1 en un\u00a0Desayuno con Integrantes de CANACO, CANIRAC y CANACINTRA y posteriormente estar\u00e1 con la estructura de su partido, en las propias instalaciones del PRI.<\/p>\n<p><strong>\u00a0<\/strong>Visitar\u00e1 el parque industrial, donde se reunir\u00e1 con los representantes del sector maquiladora y despu\u00e9s visitar\u00e1 las Instalaciones de la Nueva Aduana Comercial.<\/p>\n<p>A las 14:30 horas, en el Restaurant Lucky, el congresista sonorense tendr\u00e1 una Comida con Integrantes del STIRT, periodistas y l\u00edderes de opini\u00f3n de esa regi\u00f3n.<\/p>\n<p>Posteriormente tendr\u00e1 un Encuentro con el Sector Agropecuario, Hort\u00edcola y M\u00f3dulos de Riego, donde concluye actividades en este municipio.<\/p>\n<p>El mismo d\u00eda se traslada a Plutarco El\u00edas Calles donde se reunir\u00e1 con profesionistas y posteriormente tendr\u00e1 una cena-reuni\u00f3n con la Estructura del Partido y Sectores.<\/p>\n<p>El d\u00eda 15 de julio, a las 11:00 horas, en el Hotel Playa Bonita participar\u00e1 con una conferencia magistral en el marco del Tercer Foro Tem\u00e1tico Turismo de Salud: Retos y Oportunidades, que organiza el Colegio de Economistas de Sonora y sus delegaciones de Caborca y San Luis R\u00edo Colorado.<\/p>\n<p>Por la tarde se reunir\u00e1 con Desarrolladores, comerciantes, inversionistas, empresarios, notarios p\u00fablicos y el sector pesca; visitar\u00e1 las instalaciones del PRI, donde se reunir\u00e1 con la militancia y a las 21:15 horas, arribar\u00e1 a la Casa Ju\u00e1rez, para presenciar la Exposici\u00f3n de Artes Sonorenses: Fernando L\u00f3pez Moreno y David Le\u00f3n Amarillas.<\/p>\n<p>&nbsp;<\/p>\n<p>El s\u00e1bado 15 de julio, en el municipio de Caborca, el diputado federal, har\u00e1 entrega de material deportivo y equipo para diversas disciplinas en la Unidad Deportiva, y pasado ese evento se trasladar\u00e1 a la Unidad Deportiva de Pitiquito, donde tambi\u00e9n entregar\u00e1 dotaciones de materiales deportivos.<\/p>\n<p>A las 14:00 horas del mismo d\u00eda, en el municipio de Santa Ana, se reunir\u00e1 con\u00a0\u00a0la estructura del Partido y sectores productivos de los municipios de Santa Ana, Benjam\u00edn\u00a0\u00a0Hill y Querobabi, donde concluir\u00e1 su intensa gira de trabajo.<\/p>\n<p>&nbsp;<\/p>\n<p><strong><br \/>\n<\/strong><\/p>\n","protected":false},"excerpt":{"rendered":"<p>semiotica factual.com HERMOSILLO, SON., A 12 DE JULIO DEL 2011.-\u00a0Intensa gira de trabajo por los municipios de San Luis R\u00edo Colorado, Puerto Pe\u00f1asco, Caborca, Pitiquito y Santa Ana, realizar\u00e1 el Diputado Federal Jes\u00fas Alberto Cano V\u00e9lez, los d\u00edas 14, 15 y 16 de julio, donde sostendr\u00e1 encuentros con los representantes de los diversos sectores productivos [&hellip;]<\/p>\n","protected":false},"author":1,"featured_media":0,"comment_status":"open","ping_status":"open","sticky":false,"template":"","format":"standard","meta":{"jetpack_post_was_ever_published":false,"_jetpack_newsletter_access":"","_jetpack_dont_email_post_to_subs":false,"_jetpack_newsletter_tier_id":0,"_jetpack_memberships_contains_paywalled_content":false,"_jetpack_memberships_contains_paid_content":false,"footnotes":"","jetpack_publicize_message":"","jetpack_publicize_feature_enabled":true,"jetpack_social_post_already_shared":false,"jetpack_social_options":{"image_generator_settings":{"template":"highway","enabled":false},"version":2}},"categories":[1,9],"tags":[],"jetpack_publicize_connections":[],"jetpack_featured_media_url":"","jetpack_shortlink":"https:\/\/wp.me\/p2mzaA-gs","jetpack_sharing_enabled":true,"jetpack_likes_enabled":true,"_links":{"self":[{"href":"https:\/\/www.semioticafactual.com\/index.php?rest_route=\/wp\/v2\/posts\/1020"}],"collection":[{"href":"https:\/\/www.semioticafactual.com\/index.php?rest_route=\/wp\/v2\/posts"}],"about":[{"href":"https:\/\/www.semioticafactual.com\/index.php?rest_route=\/wp\/v2\/types\/post"}],"author":[{"embeddable":true,"href":"https:\/\/www.semioticafactual.com\/index.php?rest_route=\/wp\/v2\/users\/1"}],"replies":[{"embeddable":true,"href":"https:\/\/www.semioticafactual.com\/index.php?rest_route=%2Fwp%2Fv2%2Fcomments&post=1020"}],"version-history":[{"count":4,"href":"https:\/\/www.semioticafactual.com\/index.php?rest_route=\/wp\/v2\/posts\/1020\/revisions"}],"predecessor-version":[{"id":1025,"href":"https:\/\/www.semioticafactual.com\/index.php?rest_route=\/wp\/v2\/posts\/1020\/revisions\/1025"}],"wp:attachment":[{"href":"https:\/\/www.semioticafactual.com\/index.php?rest_route=%2Fwp%2Fv2%2Fmedia&parent=1020"}],"wp:term":[{"taxonomy":"category","embeddable":true,"href":"https:\/\/www.semioticafactual.com\/index.php?rest_route=%2Fwp%2Fv2%2Fcategories&post=1020"},{"taxonomy":"post_tag","embeddable":true,"href":"https:\/\/www.semioticafactual.com\/index.php?rest_route=%2Fwp%2Fv2%2Ftags&post=1020"}],"curies":[{"name":"wp","href":"https:\/\/api.w.org\/{rel}","templated":true}]}}