{"id":1012,"date":"2011-07-12T20:35:08","date_gmt":"2011-07-12T20:35:08","guid":{"rendered":"http:\/\/www.semioticafactual.com\/?p=1012"},"modified":"2011-07-12T20:35:08","modified_gmt":"2011-07-12T20:35:08","slug":"el-canto-d-elos-grillo","status":"publish","type":"post","link":"https:\/\/www.semioticafactual.com\/?p=1012","title":{"rendered":"EL CANTO D ELOS GRILLO"},"content":{"rendered":"<p><strong><br \/>\n<\/strong><\/p>\n<p><strong>L.C.C. SABINA GARC\u00cdA<a class=\"highslide\" onclick=\"return vz.expand(this)\" href=\"https:\/\/i0.wp.com\/www.semioticafactual.com\/wp-content\/uploads\/2011\/07\/SABINA-GARCIA-VALDEZ2.jpg\"><img loading=\"lazy\" decoding=\"async\" data-attachment-id=\"1013\" data-permalink=\"https:\/\/www.semioticafactual.com\/?attachment_id=1013\" data-orig-file=\"https:\/\/i0.wp.com\/www.semioticafactual.com\/wp-content\/uploads\/2011\/07\/SABINA-GARCIA-VALDEZ2.jpg?fit=386%2C255&amp;ssl=1\" data-orig-size=\"386,255\" data-comments-opened=\"1\" data-image-meta=\"{&quot;aperture&quot;:&quot;0&quot;,&quot;credit&quot;:&quot;&quot;,&quot;camera&quot;:&quot;&quot;,&quot;caption&quot;:&quot;&quot;,&quot;created_timestamp&quot;:&quot;0&quot;,&quot;copyright&quot;:&quot;&quot;,&quot;focal_length&quot;:&quot;0&quot;,&quot;iso&quot;:&quot;0&quot;,&quot;shutter_speed&quot;:&quot;0&quot;,&quot;title&quot;:&quot;&quot;}\" data-image-title=\"SABINA GARCIA VALDEZ\" data-image-description=\"\" data-image-caption=\"\" data-medium-file=\"https:\/\/i0.wp.com\/www.semioticafactual.com\/wp-content\/uploads\/2011\/07\/SABINA-GARCIA-VALDEZ2.jpg?fit=300%2C198&amp;ssl=1\" data-large-file=\"https:\/\/i0.wp.com\/www.semioticafactual.com\/wp-content\/uploads\/2011\/07\/SABINA-GARCIA-VALDEZ2.jpg?fit=386%2C255&amp;ssl=1\" tabindex=\"0\" role=\"button\" class=\"alignleft size-medium wp-image-1013\" title=\"SABINA GARCIA VALDEZ\" src=\"https:\/\/i0.wp.com\/www.semioticafactual.com\/wp-content\/uploads\/2011\/07\/SABINA-GARCIA-VALDEZ2-300x198.jpg?resize=300%2C198\" alt=\"\" width=\"300\" height=\"198\" srcset=\"https:\/\/i0.wp.com\/www.semioticafactual.com\/wp-content\/uploads\/2011\/07\/SABINA-GARCIA-VALDEZ2.jpg?resize=300%2C198&amp;ssl=1 300w, https:\/\/i0.wp.com\/www.semioticafactual.com\/wp-content\/uploads\/2011\/07\/SABINA-GARCIA-VALDEZ2.jpg?w=386&amp;ssl=1 386w\" sizes=\"(max-width: 300px) 100vw, 300px\" data-recalc-dims=\"1\" \/><\/a><\/strong><\/p>\n<p>Lo dicho el Congreso definitivamente le est\u00e1 ganando el\u00a0 terreno al circo \u201cAtayde Hermanos\u201d con eso de que lejos de demostrar trabajo legislativo serio y comprometido con los sonorenses, siguen explotando el sensacionalismo el\u00a0 protagonismo y el\u00a0 morbo debido a la irresponsabilidad que muestran los dipuflojos de las diversas fracciones, pues ahora se rasgan las vestiduras por la lana que circula en actos adelantados de campa\u00f1a. En fin, hay que ver en qu\u00e9 termina todo este chisme\u00a0 de vecindad. Lo cierto es que los sonorenses ya piden paz en los o\u00eddos pues los medios de comunicaci\u00f3n han atiborrado al radio escucha y al lector del tema electoral, el cual, si bien es cierto, es inter\u00e9s de grupos pol\u00edticos, o sea, los que realmente se reparten el queso.Porque finalmente la perrada, o sea, los ciudadanos \u201cni pichan, ni cachan\u201d as\u00ed que la opini\u00f3n p\u00fablica en esto no pinta \u00a1saben como!<\/p>\n<p>&nbsp;<\/p>\n<p>En caso de que resultara cierto que funcionarios estatales utilicen dinero de erario p\u00fablico sonorense para meterlo a campa\u00f1as pol\u00edticas de otros estados. \u00a1Pues ah\u00ed si tendr\u00eda que rendirnos cuentas el gobernador <strong>GUILLERMO PADR\u00c9S EL\u00cdAS<\/strong> sobre sus vaciladas electorales como \u00e9l las llam\u00f3, porque \u201cel buen juez por su casa empieza\u201d. Mientras tanto el <strong>GOBER\u00a0 GUILLERMO PADR\u00c9S<\/strong>, anda en M\u00e9xico haciendo sus negociaciones y sostendr\u00e1 reuniones privadas con\u00a0 el Secretario de CONAGUA, <strong>JOS\u00c9 LUIS LUEGUE TARMARGO<\/strong> para analizar el tema de obras pertenecientes al Sonora SI, as\u00ed mismo aprovechar\u00e1 su visita a \u201cchilangolandia\u201d\u00a0 para visitar las oficinas de la SCT y reunirse con el Secretario <strong>DIONISIO P\u00c9REZ J\u00c1COME<\/strong> y ver qu\u00e9 ondas con el libre tr\u00e1nsito en las carreteras de Sonora. Y ya despu\u00e9s de todo este rond\u00edn, por la tarde se vestir\u00e1 como mu\u00f1equito de pastel para asistir al foro de Transparencia y Gesti\u00f3n P\u00fablica, el famoso OCDE organizado para cooperaci\u00f3n y el desarrollo. En verdad los sonorenses esperamos que este foro no sea tan transparente porque de por si, no vemos la funci\u00f3n p\u00fablica, ahora con un foro tan transparente pos\u2019\u00a0 menos.<\/p>\n<p>&nbsp;<\/p>\n<p>\u201cSi las paredes hablaran\u201d, me refiero al edificio del PRI pues se cuenta que todo el \u201cmerequetengue\u201d que se traen\u00a0 con el tema electoral despert\u00f3 a la <strong>\u201cBELLA DURMIENTE\u201d<\/strong>,\u00a0 la dirigente del PRI, <strong>CLAUDIA PAVLOVICH<\/strong> y sigue instruyendo a todos y cada uno de sus soldados legislativos a que no se dejen y saquen la casta ante los caprichos y las altaner\u00edas de los panistas, que se dediquen a pelear como verdaderos guerreros pol\u00edticos. \u00a1Con todo y esto, la guerra viene en serio no solo por las campa\u00f1as adelantadas sino tambi\u00e9n porque el dinero de los ciudadanos se respete! Mientras tanto, <strong>ROBERTITO RUIBAL<\/strong> pastor del reba\u00f1o priista en el Congreso del Estado dijo que ya preparan artiller\u00eda pesada para el d\u00eda de ma\u00f1ana durante la sesi\u00f3n. As\u00ed que mis queridos lectores, la taquilla para ver la funci\u00f3n del Congreso del Estado estar\u00e1 abierta desde muy temprano, compre su boleto de admisi\u00f3n porque la funci\u00f3n se agota. Por cierto, al finalizar podr\u00e1n tomarse la fotito del recuerdo con su diputado favorito, la cual\u00a0\u00a0 solo costar\u00e1 50 pesitos ya con redondeo, aportaciones para Cruz Roja, la Unison , el cobijo San Jos\u00e9, la casa del periodista desvalido\u00a0 y otros centavitos que van directos al asilo de ancianos, ahh y claro a las campa\u00f1as adelantadas.<\/p>\n<p>&nbsp;<\/p>\n<p>\u00a1Pa\u2019acabarla de amolar, mendigos Gringos racistas! Fijese que en los pr\u00f3ximos d\u00edas en Arizona se llevar\u00e1n acabo los juegos Estrella en el estadio CHASE FIELD y no faltaron est\u00fapidas declaraciones del alguacil <strong>JOE ARPAIO<\/strong> mejor conocido como <strong>\u201cEL KUKUX KLAN\u201d<\/strong>\u00a0 quien dijo burlonamente que los mexicanos en general y en lo particular los sonorenses que est\u00e1n detenidos en ese estado, ser\u00e1n sacados a trabajar como esclavos, o sea, encadenados para que recojan\u00a0 toditita la basura que tiren los g\u00fceros durante los juegos. No cabe duda que a este idiota le gusta exhibir la desgracia de los dem\u00e1s mediante el poder estadounidense. \u00a1Ojal\u00e1 que alg\u00fan d\u00eda venga a Sonora y le apliquemos manita de puerco pa\u2019 que se le quite lo mendigo!<\/p>\n<p>&nbsp;<\/p>\n<p>Retomando la grilla, hoy se present\u00f3 con un flamante desayuno para \u00a0la prensa el nuevo Dirigente Juvenil del PAN, <strong>MAURO L\u00d3PEZ MEJ\u00cdA<\/strong> prometiendo por los siglos de los siglos ser una buena bestia y conseguir muchos, pero muchos votos para los que resulten candidatos de su partido. \u00bfQu\u00e9 tal con este jovenazo? Ya sabe el caminito, \u00a1claro! con la\u00a0 escuelita que le ense\u00f1\u00f3 el m\u00e1s ordinario de todos los funcionarios del Gobierno \u00a0del Estado, me refiero al\u00a0\u00a0 director del Instituto Sonorense de la Juventud, <strong>EVERARDO L\u00d3PEZ C\u00d3RDOVA<\/strong> quien fuera su jefe. \u00a1Que ternurita! Ahora s\u00ed completar\u00e1n el cuadro como Pinky y Cerebro.<\/p>\n<p>&nbsp;<\/p>\n<p>Casi casi dijo el alcalde <strong>JAVIER G\u00c1NDARA MAGA\u00d1A<\/strong> \u201cdijo mi mama que siempre noo\u201d, estas palabras casi las expresa al referirse a la detenci\u00f3n del \u201cGordo\u201d, pues primero dijo que este tipejo pudiese ser quien anduvo armando tremolina en Hermosillo con los asesinatos sucedidos en semanas anteriores, peero despu\u00e9s el <strong>\u201cPRESI-FRESA\u201d<\/strong> dio un reversado diciendo que el no pod\u00eda afirmar que el \u201cGordis\u201d fuera el culpable de estos hechos. \u00a1Oh que pues! \u00bfSi o no\u00a0 Presi-fresa? Que alguien le ayude, creemos que un escobazo estar\u00eda perfecto para recordar con certeza todo.<\/p>\n<p>&nbsp;<\/p>\n<p>Ya pa\u2019 terminar, \u201catento aviso:\u201d dice el secretario de Desarrollo Social <strong>JAVIER NEBLINA VEGA<\/strong> <strong>EL \u201cCACHET\u00d3N\u201d<\/strong> que los ancianos que son apoyados por la SEDESON no anden de adelantados ni confi\u00e1ndose de voces mala leche que les confirman d\u00edas de cobro\u00a0 equivocados. Mencionamos esto porque el d\u00eda de ayer se hizo notar de nuevo el ataque de las momias, perd\u00f3n de los adultos mayores\u00a0 \u00a0en la Plaza Zaragoza. Por lo tanto, ya est\u00e1n avisados que esperen su turno para recibir su chequecito de apoyo. Tambi\u00e9n dijo <strong>EL \u201cCACHETES\u201d<\/strong> que si alguno de los chamacotes de juventud avanzada no acudi\u00f3 el d\u00eda que le tocaba recibir su apoyo, podr\u00e1 acudir a las oficinas de SEDESON a partir de la pr\u00f3xima semana.<\/p>\n<p>&nbsp;<\/p>\n<p>&nbsp;<\/p>\n<p>&nbsp;<\/p>\n","protected":false},"excerpt":{"rendered":"<p>L.C.C. SABINA GARC\u00cdA Lo dicho el Congreso definitivamente le est\u00e1 ganando el\u00a0 terreno al circo \u201cAtayde Hermanos\u201d con eso de que lejos de demostrar trabajo legislativo serio y comprometido con los sonorenses, siguen explotando el sensacionalismo el\u00a0 protagonismo y el\u00a0 morbo debido a la irresponsabilidad que muestran los dipuflojos de las diversas fracciones, pues ahora [&hellip;]<\/p>\n","protected":false},"author":1,"featured_media":0,"comment_status":"open","ping_status":"open","sticky":false,"template":"","format":"standard","meta":{"jetpack_post_was_ever_published":false,"_jetpack_newsletter_access":"","_jetpack_dont_email_post_to_subs":false,"_jetpack_newsletter_tier_id":0,"_jetpack_memberships_contains_paywalled_content":false,"_jetpack_memberships_contains_paid_content":false,"footnotes":"","jetpack_publicize_message":"","jetpack_publicize_feature_enabled":true,"jetpack_social_post_already_shared":false,"jetpack_social_options":{"image_generator_settings":{"template":"highway","enabled":false},"version":2}},"categories":[21],"tags":[],"jetpack_publicize_connections":[],"jetpack_featured_media_url":"","jetpack_shortlink":"https:\/\/wp.me\/p2mzaA-gk","jetpack_sharing_enabled":true,"jetpack_likes_enabled":true,"_links":{"self":[{"href":"https:\/\/www.semioticafactual.com\/index.php?rest_route=\/wp\/v2\/posts\/1012"}],"collection":[{"href":"https:\/\/www.semioticafactual.com\/index.php?rest_route=\/wp\/v2\/posts"}],"about":[{"href":"https:\/\/www.semioticafactual.com\/index.php?rest_route=\/wp\/v2\/types\/post"}],"author":[{"embeddable":true,"href":"https:\/\/www.semioticafactual.com\/index.php?rest_route=\/wp\/v2\/users\/1"}],"replies":[{"embeddable":true,"href":"https:\/\/www.semioticafactual.com\/index.php?rest_route=%2Fwp%2Fv2%2Fcomments&post=1012"}],"version-history":[{"count":1,"href":"https:\/\/www.semioticafactual.com\/index.php?rest_route=\/wp\/v2\/posts\/1012\/revisions"}],"predecessor-version":[{"id":1014,"href":"https:\/\/www.semioticafactual.com\/index.php?rest_route=\/wp\/v2\/posts\/1012\/revisions\/1014"}],"wp:attachment":[{"href":"https:\/\/www.semioticafactual.com\/index.php?rest_route=%2Fwp%2Fv2%2Fmedia&parent=1012"}],"wp:term":[{"taxonomy":"category","embeddable":true,"href":"https:\/\/www.semioticafactual.com\/index.php?rest_route=%2Fwp%2Fv2%2Fcategories&post=1012"},{"taxonomy":"post_tag","embeddable":true,"href":"https:\/\/www.semioticafactual.com\/index.php?rest_route=%2Fwp%2Fv2%2Ftags&post=1012"}],"curies":[{"name":"wp","href":"https:\/\/api.w.org\/{rel}","templated":true}]}}