{"id":1007,"date":"2011-07-12T20:31:14","date_gmt":"2011-07-12T20:31:14","guid":{"rendered":"http:\/\/www.semioticafactual.com\/?p=1007"},"modified":"2011-07-12T20:32:37","modified_gmt":"2011-07-12T20:32:37","slug":"canto-de-los-grillos","status":"publish","type":"post","link":"https:\/\/www.semioticafactual.com\/?p=1007","title":{"rendered":"CANTO DE LOS GRILLOS"},"content":{"rendered":"<p>L.C.C. SABINA GARCIA\u00a0<a class=\"highslide\" onclick=\"return vz.expand(this)\" href=\"https:\/\/i0.wp.com\/www.semioticafactual.com\/wp-content\/uploads\/2011\/07\/SABINA-GARCIA-VALDEZ1.jpg\"><img loading=\"lazy\" decoding=\"async\" data-attachment-id=\"1009\" data-permalink=\"https:\/\/www.semioticafactual.com\/?attachment_id=1009\" data-orig-file=\"https:\/\/i0.wp.com\/www.semioticafactual.com\/wp-content\/uploads\/2011\/07\/SABINA-GARCIA-VALDEZ1.jpg?fit=386%2C255&amp;ssl=1\" data-orig-size=\"386,255\" data-comments-opened=\"1\" data-image-meta=\"{&quot;aperture&quot;:&quot;0&quot;,&quot;credit&quot;:&quot;&quot;,&quot;camera&quot;:&quot;&quot;,&quot;caption&quot;:&quot;&quot;,&quot;created_timestamp&quot;:&quot;0&quot;,&quot;copyright&quot;:&quot;&quot;,&quot;focal_length&quot;:&quot;0&quot;,&quot;iso&quot;:&quot;0&quot;,&quot;shutter_speed&quot;:&quot;0&quot;,&quot;title&quot;:&quot;&quot;}\" data-image-title=\"SABINA GARCIA VALDEZ\" data-image-description=\"\" data-image-caption=\"\" data-medium-file=\"https:\/\/i0.wp.com\/www.semioticafactual.com\/wp-content\/uploads\/2011\/07\/SABINA-GARCIA-VALDEZ1.jpg?fit=300%2C198&amp;ssl=1\" data-large-file=\"https:\/\/i0.wp.com\/www.semioticafactual.com\/wp-content\/uploads\/2011\/07\/SABINA-GARCIA-VALDEZ1.jpg?fit=386%2C255&amp;ssl=1\" tabindex=\"0\" role=\"button\" class=\"alignleft size-medium wp-image-1009\" title=\"SABINA GARCIA VALDEZ\" src=\"https:\/\/i0.wp.com\/www.semioticafactual.com\/wp-content\/uploads\/2011\/07\/SABINA-GARCIA-VALDEZ1-300x198.jpg?resize=300%2C198\" alt=\"\" width=\"300\" height=\"198\" srcset=\"https:\/\/i0.wp.com\/www.semioticafactual.com\/wp-content\/uploads\/2011\/07\/SABINA-GARCIA-VALDEZ1.jpg?resize=300%2C198&amp;ssl=1 300w, https:\/\/i0.wp.com\/www.semioticafactual.com\/wp-content\/uploads\/2011\/07\/SABINA-GARCIA-VALDEZ1.jpg?w=386&amp;ssl=1 386w\" sizes=\"(max-width: 300px) 100vw, 300px\" data-recalc-dims=\"1\" \/><\/a><\/p>\n<p>Sin duda el <strong>\u201cHOMBRE BICENTENARIO\u201d<\/strong>, me refiero al Diputado Federal <strong>JES\u00daS ALBERTO CANO V\u00c9LEZ<\/strong> tiene todo para ir por la puerta grande en las pr\u00f3ximas elecciones rumbo al Senado, teniendo \u00a0objetivos muy claros \u00a0con propuestas firmes\u00a0 abarcando todo lo referente a nuevas reformas econ\u00f3micas y \u00a0sociales, pero sobre todo entr\u00e1ndole al toro por lo cuernos con el tema de la educaci\u00f3n mediante una mejor distribuci\u00f3n de los recursos. Miren que a este se\u00f1or nadie le platica de c\u00f3mo mover la tenebra con eso del manejo de la lana, \u00a0pues hay que recordar que ha sido uno de los Diputados que ha conseguido m\u00e1s recursos para Sonora, sin duda cuenta con experiencia,\u00a0 la \u00a0inteligencia y la exigencia de cumplirle a los sonorenses en caso de que llegue al Senado \u00a0o bien desde cualquier posici\u00f3n electoral.<\/p>\n<p>Platic\u00e1bamos con el Secretario de Educaci\u00f3n, <strong>JORGE LUIS IBARRA MEND\u00cdVIL, \u201cEL KIKO\u201d<\/strong> quien nos proporcion\u00f3 un dato importante con respecto a la selecci\u00f3n de maestros mediante\u00a0 la alianza de calidad en la asignaci\u00f3n de plazas de docentes para el ciclo escolar 2012 del Gobierno Federal, Estatal y del SNTE diciendo que lo m\u00e1s importante es darle transparencia a este proceso. Dijo que hubo algunos maestros que presentaron examen, \u00a1pero p\u00e9simo en conocimiento! por lo cual ahora el pacto por la educaci\u00f3n que se impulsa es exigente y busca\u00a0 que los maestros seleccionados en las 624 plazas cumplan con los objetivos de calidad educativa y competitividad. A ver si es cierto, porque hay unos maestros que solo se dedican a dormir en las aulas y los chamacos bien gracias, creci\u00e9ndoles las orejas.<\/p>\n<p>Por cierto el diputado federal <strong>JES\u00daS ALBERTO CANO V\u00c9LEZ<\/strong>, nos pas\u00f3 el rollo de que una de sus propuestas para mejorar la calidad \u00a0educativa es \u00a0impulsar una reforma \u00a0\u00a0que impulse un sistema educativo completo y el punto principal es contarse con maestros de tiempo \u00a0completo porque afirm\u00f3 que en la actualidad solo trabajan cinco horas y roncan el resto del d\u00eda. \u00bfQu\u00e9 tal eh? \u00a0y pensar\u00a0 que los maestros son los que m\u00e1s lloran por sueldos,\u00a0 prestaciones y aumentos. Sin duda, <strong>CANO V\u00c9LEZ\u00a0 \u201cEL HOMBRE BICENTENARIO\u201d<\/strong> tendr\u00e1 la aprobaci\u00f3n de los padres de familia \u00a0porque con esta propuesta saldr\u00edan beneficiados en conocimiento ,\u00a0 adem\u00e1s de que el tiempo\u00a0 de ocio ser\u00eda menor para los estudiantes , como se lo han externado seg\u00fan dijo el Diputado Federal\u00a0 los mismos padres de familia en los campamentos de verano que est\u00e1 llevando por todo Sonora.<\/p>\n<p>Por otro lado, quien anduvo muy ocupado este d\u00eda es el <strong>GOBER- GUILLERMO PEDR\u00c9S EL\u00cdAS<\/strong> en\u00a0 gira de trabajo por Ures y Ray\u00f3n donde puso en marcha obras de modernizaci\u00f3n carretera, el Puente R\u00edo Sonora, el teatro auditorio, entre otras acciones que prometi\u00f3 a esas poblaciones y que este d\u00eda fueron concretadas por el <strong>\u201cGOBER- PRECIOSO\u201d<\/strong>.<\/p>\n<p>\u00bfQu\u00e9 tal con el Diputado panista <strong>DAMIANCITO ZEPEDA VIDALES \u201cEL PIRRURRIS\u201d?<\/strong> Por primera vez abri\u00f3 la boca para anunciar algo importante como lo es reconocer los cambios en justicia penal\u00a0 y anunciar la realizaci\u00f3n de un foro regional sobre dicho tema. \u00a1Pero claro nada con La macuarrada de la Unison! \u00bfsabes c\u00f3mo? Solo con la fresada igual que \u00e9l, \u00a0de la Universidad Durango Santander. \u00a1ooooh que nice! Pa\u2019l caso da lo mismo, el Diputado \u00a0Dami\u00e1n Zepeda \u00a0es un ordinario, irrelevante, que pasar\u00e1 sin pena ni gloria por el Congreso local. \u00a1Uuu \u00a0que grillos, hay que darle un voto de confianza!<\/p>\n<p>A quienes se les vio desde temprano salir de Palacio de Gobierno\u00a0 fue a los Diputados, <strong>\u201cDO\u00d1A DIABLA\u201d FLOR AYALA ROBLES LINARES<\/strong> y al <strong>\u201cNENE\u00a0 CONSENTIDO\u201d CARLOS RODR\u00cdGUEZ FREANER<\/strong> quien sabe si fueron a ver al <strong>\u201cWILLIAM LEVY SONORENSE\u201d,<\/strong> o sea, el Secretario de Hacienda\u00a0 <strong>ALEJANDRO\u00a0 L\u00d3PEZ CABALLERO<\/strong> por aquello de la tenencia y otros temas referentes a la lana, o bien, fueron a consultarlo para que les dijera\u00a0 qui\u00e9n es la eminencia que les est\u00e1 manejando\u00a0 las campa\u00f1as, el caso es que muy apresurados salieron los dos priistas.<\/p>\n<p>\u00a1Qu\u00e9 caray! Hasta ahorita pensaron las autoridades del Ayuntamiento\u00a0 de Hermosillo en aplicar el famoso operativo\u00a0 \u201cHalc\u00f3n\u201d, porque si bien es cierto solo estaban aplicando el operativo \u201ctortuga\u201d (lentitud) \u00a0por parte de la Polic\u00eda Municipal para combatir la delincuencia, en pocas palabras no se estaba haciendo nada para combatir con eficiencia la ola de violencia que priva en la ciudad. No hay que olvidar que hubo un momento en que los mismos polic\u00edas llegaron a convertirse en delincuentes contra los ciudadanos. \u00a1Pues \u00a0que\u00a0 bueno eeh! que el Secre- del Ayuntamiento, <strong>GILDARDO REAL RAM\u00cdREZ \u201cEL DUENDE\u201d <\/strong>se preocupe \u00a0por trabajar en este asunto porque la ola de violencia en Hermosillo \u00a0y Sonora en general ya lleg\u00f3 hasta la cocina de todos los ciudadanos. Por cierto, el <strong>PRESI-FRESA JAVIER G\u00c1NDARA MAGA\u00d1A<\/strong> reiter\u00f3 que el Ayuntamiento tiene lista su artiller\u00eda pesada para proteger a los ciudadanos de los malandrines, claro con la colaboraci\u00f3n de los vecinos quienes\u00a0 se van a encargar de ser los vigilantes de toda cosa rara que suceda dentro del fraccionamiento privado Montecarlo, el cual si bien es cierto se ha convertido en un campo de batalla. Aunque el mismo Secretario de Seguridad <strong>ERNESTO MUNRO PALACIO EL \u201cESCALER\u00d3N\u201d<\/strong> sigue pintando a Sonora de color de rosa con\u00a0 sus falsas declaraciones , casi, casi como la chumiltrufia\u00a0 \u201ccomo dice\u00a0 una cosa, dice otra\u201d.<\/p>\n<p>Quien pr\u00f3ximamente\u00a0 echar\u00e1 andar un\u00a0 importante programa a favor de los abuelitos de Hermosillo es la <strong>\u201cREGIDORA INDEPENDIENTE\u201d LOURDES\u00a0 SORIA<\/strong>, de tal manera que en la casa de los abuelos se les de empleo a los adultos mayores. \u00a1Pues nomas que les cumplan, porque \u201cel ataque de las momias\u201d vuelve cada\u00a0 mes, ya que el Gobierno del estado no les cumple puntual con la lana prometida para sus gastos! \u00bfEscuchaste<strong> \u201cCHACHET\u00d3N\u201d<\/strong> (Secretario de sedeson, <strong>JAVIER NEBLINA VEGA<\/strong>).<\/p>\n<p>Hoy\u00a0 acudi\u00f3 al Consejo Estatal Electoral\u00a0 el Director de Desarrollo Social de Puerto Pe\u00f1asco, <strong>GERARDO ERNESTO PORTUGAL <\/strong>quien tambi\u00e9n anda en la bola de los adelantados electorales, quien se defendi\u00f3 como \u00a0la cantante Lupita D\u2019alessio \u201cmentiras\u201d, dijo que solo se trata de acusaciones sin fundamento. \u00a1Claro! Todos los panistas que han sido acusados llevan la misma letan\u00eda, \u00bfhabr\u00e1 alguno que acepte su error?<\/p>\n","protected":false},"excerpt":{"rendered":"<p>L.C.C. SABINA GARCIA\u00a0 Sin duda el \u201cHOMBRE BICENTENARIO\u201d, me refiero al Diputado Federal JES\u00daS ALBERTO CANO V\u00c9LEZ tiene todo para ir por la puerta grande en las pr\u00f3ximas elecciones rumbo al Senado, teniendo \u00a0objetivos muy claros \u00a0con propuestas firmes\u00a0 abarcando todo lo referente a nuevas reformas econ\u00f3micas y \u00a0sociales, pero sobre todo entr\u00e1ndole al toro [&hellip;]<\/p>\n","protected":false},"author":1,"featured_media":0,"comment_status":"open","ping_status":"open","sticky":false,"template":"","format":"standard","meta":{"jetpack_post_was_ever_published":false,"_jetpack_newsletter_access":"","_jetpack_dont_email_post_to_subs":false,"_jetpack_newsletter_tier_id":0,"_jetpack_memberships_contains_paywalled_content":false,"_jetpack_memberships_contains_paid_content":false,"footnotes":"","jetpack_publicize_message":"","jetpack_publicize_feature_enabled":true,"jetpack_social_post_already_shared":false,"jetpack_social_options":{"image_generator_settings":{"template":"highway","enabled":false},"version":2}},"categories":[21,14],"tags":[],"jetpack_publicize_connections":[],"jetpack_featured_media_url":"","jetpack_shortlink":"https:\/\/wp.me\/p2mzaA-gf","jetpack_sharing_enabled":true,"jetpack_likes_enabled":true,"_links":{"self":[{"href":"https:\/\/www.semioticafactual.com\/index.php?rest_route=\/wp\/v2\/posts\/1007"}],"collection":[{"href":"https:\/\/www.semioticafactual.com\/index.php?rest_route=\/wp\/v2\/posts"}],"about":[{"href":"https:\/\/www.semioticafactual.com\/index.php?rest_route=\/wp\/v2\/types\/post"}],"author":[{"embeddable":true,"href":"https:\/\/www.semioticafactual.com\/index.php?rest_route=\/wp\/v2\/users\/1"}],"replies":[{"embeddable":true,"href":"https:\/\/www.semioticafactual.com\/index.php?rest_route=%2Fwp%2Fv2%2Fcomments&post=1007"}],"version-history":[{"count":2,"href":"https:\/\/www.semioticafactual.com\/index.php?rest_route=\/wp\/v2\/posts\/1007\/revisions"}],"predecessor-version":[{"id":1011,"href":"https:\/\/www.semioticafactual.com\/index.php?rest_route=\/wp\/v2\/posts\/1007\/revisions\/1011"}],"wp:attachment":[{"href":"https:\/\/www.semioticafactual.com\/index.php?rest_route=%2Fwp%2Fv2%2Fmedia&parent=1007"}],"wp:term":[{"taxonomy":"category","embeddable":true,"href":"https:\/\/www.semioticafactual.com\/index.php?rest_route=%2Fwp%2Fv2%2Fcategories&post=1007"},{"taxonomy":"post_tag","embeddable":true,"href":"https:\/\/www.semioticafactual.com\/index.php?rest_route=%2Fwp%2Fv2%2Ftags&post=1007"}],"curies":[{"name":"wp","href":"https:\/\/api.w.org\/{rel}","templated":true}]}}